{"id":2641,"date":"2019-11-05T18:53:50","date_gmt":"2019-11-05T18:53:50","guid":{"rendered":"http:\/\/scrapbretagne.fr\/blog\/?p=2641"},"modified":"2019-11-22T21:50:45","modified_gmt":"2019-11-22T21:50:45","slug":"atelier-du-mardi-5-novembre-2019","status":"publish","type":"post","link":"https:\/\/scrapbretagne.fr\/blog\/?p=2641","title":{"rendered":"Atelier du mardi 5 novembre 2019"},"content":{"rendered":"<p><strong>Liste du mat\u00e9riel pour l\u2019album piques \u00e0 brochettes de Manou<\/strong><\/p>\n<p><a href=\"http:\/\/scrapbretagne.fr\/blog\/wp-content\/uploads\/2019\/10\/img_2213.jpg\"><img loading=\"lazy\" decoding=\"async\" class=\"alignnone size-medium wp-image-2643\" src=\"http:\/\/scrapbretagne.fr\/blog\/wp-content\/uploads\/2019\/10\/img_2213-300x200.jpg\" alt=\"img_2213\" width=\"300\" height=\"200\" srcset=\"https:\/\/scrapbretagne.fr\/blog\/wp-content\/uploads\/2019\/10\/img_2213-300x200.jpg 300w, https:\/\/scrapbretagne.fr\/blog\/wp-content\/uploads\/2019\/10\/img_2213-600x400.jpg 600w, https:\/\/scrapbretagne.fr\/blog\/wp-content\/uploads\/2019\/10\/img_2213.jpg 700w\" sizes=\"auto, (max-width: 300px) 100vw, 300px\" \/><\/a>\u00a0 \u00a0<a href=\"http:\/\/scrapbretagne.fr\/blog\/wp-content\/uploads\/2019\/10\/img_2214.jpg\"><img loading=\"lazy\" decoding=\"async\" class=\"alignnone size-medium wp-image-2642\" src=\"http:\/\/scrapbretagne.fr\/blog\/wp-content\/uploads\/2019\/10\/img_2214-300x200.jpg\" alt=\"img_2214\" width=\"300\" height=\"200\" srcset=\"https:\/\/scrapbretagne.fr\/blog\/wp-content\/uploads\/2019\/10\/img_2214-300x200.jpg 300w, https:\/\/scrapbretagne.fr\/blog\/wp-content\/uploads\/2019\/10\/img_2214-600x400.jpg 600w, https:\/\/scrapbretagne.fr\/blog\/wp-content\/uploads\/2019\/10\/img_2214.jpg 700w\" sizes=\"auto, (max-width: 300px) 100vw, 300px\" \/><\/a><\/p>\n<p>Son album s\u2019appelle \u00ab\u00a0Spain 2016\u00a0\u00bb et par l\u2019achat de son tuto, elle nous autorise \u00e0 le r\u00e9aliser \u00e0 l\u2019Association.<\/p>\n<p>&#8211;\u00a0\u00a0\u00a0\u00a0\u00a0\u00a0\u00a0\u00a0Des papiers coordonn\u00e9s (1 collection qui comporte quelques \u00e9tiquettes \u00e9ventuellement)<br \/>\n&#8211;\u00a0\u00a0\u00a0\u00a0\u00a0\u00a0\u00a0\u00a02 encres Distress assorties pour r\u00e9aliser vos fonds de pages<br \/>\n&#8211;\u00a0\u00a0\u00a0\u00a0\u00a0\u00a0\u00a0\u00a02 morceaux de carton fort (calendrier par exemple) pour la couverture\u00a0\u00a015 cm X 21, 4 cm<br \/>\n&#8211;\u00a0\u00a0\u00a0\u00a0\u00a0\u00a0\u00a0\u00a01 tapis Teflon (ou une pochette plastique) et un vaporisateur<br \/>\n&#8211;\u00a0\u00a0\u00a0\u00a0\u00a0\u00a0\u00a0\u00a0Des tampons textes, mots et dessins selon votre th\u00e8me (Pensez \u00e0 des tampons de diff\u00e9rentes tailles\u00a0: des grands mots)<\/p>\n<p>Les feuilles de bristol et les brochettes seront fournies par l\u2019association.<\/p>\n<p>Bons pr\u00e9paratifs<\/p>\n<p>Nicole<\/p>\n","protected":false},"excerpt":{"rendered":"<p>Liste du mat\u00e9riel pour l\u2019album piques \u00e0 brochettes de Manou \u00a0 \u00a0 Son album s\u2019appelle \u00ab\u00a0Spain 2016\u00a0\u00bb et par l\u2019achat de son tuto, elle nous autorise \u00e0 le r\u00e9aliser \u00e0 l\u2019Association. &#8211;\u00a0\u00a0\u00a0\u00a0\u00a0\u00a0\u00a0\u00a0Des papiers coordonn\u00e9s (1 collection qui comporte quelques \u00e9tiquettes \u00e9ventuellement) &#8211;\u00a0\u00a0\u00a0\u00a0\u00a0\u00a0\u00a0\u00a02 encres Distress assorties pour r\u00e9aliser vos fonds de pages &#8211;\u00a0\u00a0\u00a0\u00a0\u00a0\u00a0\u00a0\u00a02 morceaux de carton&hellip; <a href=\"https:\/\/scrapbretagne.fr\/blog\/?p=2641\" class=\"more-link\">Lire la suite <span class=\"screen-reader-text\">Atelier du mardi 5 novembre 2019<\/span><\/a><\/p>\n","protected":false},"author":4,"featured_media":0,"comment_status":"closed","ping_status":"closed","sticky":false,"template":"","format":"standard","meta":{"footnotes":""},"categories":[10,5],"tags":[],"class_list":["post-2641","post","type-post","status-publish","format-standard","hentry","category-albums","category-ateliers","without-featured-image"],"_links":{"self":[{"href":"https:\/\/scrapbretagne.fr\/blog\/index.php?rest_route=\/wp\/v2\/posts\/2641","targetHints":{"allow":["GET"]}}],"collection":[{"href":"https:\/\/scrapbretagne.fr\/blog\/index.php?rest_route=\/wp\/v2\/posts"}],"about":[{"href":"https:\/\/scrapbretagne.fr\/blog\/index.php?rest_route=\/wp\/v2\/types\/post"}],"author":[{"embeddable":true,"href":"https:\/\/scrapbretagne.fr\/blog\/index.php?rest_route=\/wp\/v2\/users\/4"}],"replies":[{"embeddable":true,"href":"https:\/\/scrapbretagne.fr\/blog\/index.php?rest_route=%2Fwp%2Fv2%2Fcomments&post=2641"}],"version-history":[{"count":1,"href":"https:\/\/scrapbretagne.fr\/blog\/index.php?rest_route=\/wp\/v2\/posts\/2641\/revisions"}],"predecessor-version":[{"id":2644,"href":"https:\/\/scrapbretagne.fr\/blog\/index.php?rest_route=\/wp\/v2\/posts\/2641\/revisions\/2644"}],"wp:attachment":[{"href":"https:\/\/scrapbretagne.fr\/blog\/index.php?rest_route=%2Fwp%2Fv2%2Fmedia&parent=2641"}],"wp:term":[{"taxonomy":"category","embeddable":true,"href":"https:\/\/scrapbretagne.fr\/blog\/index.php?rest_route=%2Fwp%2Fv2%2Fcategories&post=2641"},{"taxonomy":"post_tag","embeddable":true,"href":"https:\/\/scrapbretagne.fr\/blog\/index.php?rest_route=%2Fwp%2Fv2%2Ftags&post=2641"}],"curies":[{"name":"wp","href":"https:\/\/api.w.org\/{rel}","templated":true}]}}