{"id":2781,"date":"2020-01-13T18:22:23","date_gmt":"2020-01-13T18:22:23","guid":{"rendered":"http:\/\/scrapbretagne.fr\/blog\/?p=2781"},"modified":"2020-01-16T20:32:30","modified_gmt":"2020-01-16T20:32:30","slug":"crop-a-tourch-3","status":"publish","type":"post","link":"https:\/\/scrapbretagne.fr\/blog\/?p=2781","title":{"rendered":"CROP \u00e0 Tourc&#8217;h"},"content":{"rendered":"\n<p>L&#8217;association Tourc&#8217;h 2 Scrap accueille <strong>Magali De Rose Anis<\/strong> et <strong>Gaelle Ly<\/strong> les<strong> 8 et 9 F\u00e9vrier 2020<\/strong><\/p>\n\n\n\n<p>Il reste des places.&nbsp;<\/p>\n\n\n\n<p><strong>Les visuels<\/strong>&nbsp;:<\/p>\n\n\n\n<figure class=\"wp-block-gallery columns-2 is-cropped wp-block-gallery-1 is-layout-flex wp-block-gallery-is-layout-flex\"><ul class=\"blocks-gallery-grid\"><li class=\"blocks-gallery-item\"><figure><img loading=\"lazy\" decoding=\"async\" width=\"1024\" height=\"1024\" src=\"http:\/\/scrapbretagne.fr\/blog\/wp-content\/uploads\/2020\/01\/Mini-Nature-Mag-1024x1024.jpg\" alt=\"\" data-id=\"2783\" data-full-url=\"http:\/\/scrapbretagne.fr\/blog\/wp-content\/uploads\/2020\/01\/Mini-Nature-Mag.jpg\" data-link=\"http:\/\/scrapbretagne.fr\/blog\/?attachment_id=2783\" class=\"wp-image-2783\" srcset=\"https:\/\/scrapbretagne.fr\/blog\/wp-content\/uploads\/2020\/01\/Mini-Nature-Mag-1024x1024.jpg 1024w, https:\/\/scrapbretagne.fr\/blog\/wp-content\/uploads\/2020\/01\/Mini-Nature-Mag-300x300.jpg 300w, https:\/\/scrapbretagne.fr\/blog\/wp-content\/uploads\/2020\/01\/Mini-Nature-Mag-150x150.jpg 150w, https:\/\/scrapbretagne.fr\/blog\/wp-content\/uploads\/2020\/01\/Mini-Nature-Mag-768x768.jpg 768w, https:\/\/scrapbretagne.fr\/blog\/wp-content\/uploads\/2020\/01\/Mini-Nature-Mag-600x600.jpg 600w, https:\/\/scrapbretagne.fr\/blog\/wp-content\/uploads\/2020\/01\/Mini-Nature-Mag-1536x1536.jpg 1536w, https:\/\/scrapbretagne.fr\/blog\/wp-content\/uploads\/2020\/01\/Mini-Nature-Mag.jpg 2000w\" sizes=\"auto, (max-width: 1024px) 100vw, 1024px\" \/><figcaption class=\"blocks-gallery-item__caption\">Visuel de Magali<\/figcaption><\/figure><\/li><li class=\"blocks-gallery-item\"><figure><img loading=\"lazy\" decoding=\"async\" width=\"960\" height=\"960\" src=\"http:\/\/scrapbretagne.fr\/blog\/wp-content\/uploads\/2020\/01\/Visuel-Gaelle.jpg\" alt=\"\" data-id=\"2784\" data-full-url=\"http:\/\/scrapbretagne.fr\/blog\/wp-content\/uploads\/2020\/01\/Visuel-Gaelle.jpg\" data-link=\"http:\/\/scrapbretagne.fr\/blog\/?attachment_id=2784\" class=\"wp-image-2784\" srcset=\"https:\/\/scrapbretagne.fr\/blog\/wp-content\/uploads\/2020\/01\/Visuel-Gaelle.jpg 960w, https:\/\/scrapbretagne.fr\/blog\/wp-content\/uploads\/2020\/01\/Visuel-Gaelle-300x300.jpg 300w, https:\/\/scrapbretagne.fr\/blog\/wp-content\/uploads\/2020\/01\/Visuel-Gaelle-150x150.jpg 150w, https:\/\/scrapbretagne.fr\/blog\/wp-content\/uploads\/2020\/01\/Visuel-Gaelle-768x768.jpg 768w, https:\/\/scrapbretagne.fr\/blog\/wp-content\/uploads\/2020\/01\/Visuel-Gaelle-600x600.jpg 600w\" sizes=\"auto, (max-width: 960px) 100vw, 960px\" \/><figcaption class=\"blocks-gallery-item__caption\">Visuel de Ga\u00eblle<\/figcaption><\/figure><\/li><\/ul><\/figure>\n\n\n\n<p><strong>Les tarifs<\/strong> :<\/p>\n\n\n\n<p>Magali 70 Euros , Ga\u00eblle 65 Euros&nbsp;<\/p>\n\n\n\n<p>Si vous voulez plus de renseignements, n&#8217;h\u00e9sitez pas \u00e0 me demander.<\/p>\n\n\n\n<p>Florence <a href=\"mailto:florence.traon@orange.fr\">florence.traon@orange.fr<\/a><\/p>\n","protected":false},"excerpt":{"rendered":"<p>L&#8217;association Tourc&#8217;h 2 Scrap accueille Magali De Rose Anis et Gaelle Ly les 8 et 9 F\u00e9vrier 2020 Il reste des places.&nbsp; Les visuels&nbsp;: Les tarifs : Magali 70 Euros , Ga\u00eblle 65 Euros&nbsp; Si vous voulez plus de renseignements, n&#8217;h\u00e9sitez pas \u00e0 me demander. Florence florence.traon@orange.fr<\/p>\n","protected":false},"author":3,"featured_media":0,"comment_status":"closed","ping_status":"closed","sticky":false,"template":"","format":"standard","meta":{"footnotes":""},"categories":[7,1],"tags":[],"class_list":["post-2781","post","type-post","status-publish","format-standard","hentry","category-crops","category-sans-categorie","without-featured-image"],"_links":{"self":[{"href":"https:\/\/scrapbretagne.fr\/blog\/index.php?rest_route=\/wp\/v2\/posts\/2781","targetHints":{"allow":["GET"]}}],"collection":[{"href":"https:\/\/scrapbretagne.fr\/blog\/index.php?rest_route=\/wp\/v2\/posts"}],"about":[{"href":"https:\/\/scrapbretagne.fr\/blog\/index.php?rest_route=\/wp\/v2\/types\/post"}],"author":[{"embeddable":true,"href":"https:\/\/scrapbretagne.fr\/blog\/index.php?rest_route=\/wp\/v2\/users\/3"}],"replies":[{"embeddable":true,"href":"https:\/\/scrapbretagne.fr\/blog\/index.php?rest_route=%2Fwp%2Fv2%2Fcomments&post=2781"}],"version-history":[{"count":4,"href":"https:\/\/scrapbretagne.fr\/blog\/index.php?rest_route=\/wp\/v2\/posts\/2781\/revisions"}],"predecessor-version":[{"id":2833,"href":"https:\/\/scrapbretagne.fr\/blog\/index.php?rest_route=\/wp\/v2\/posts\/2781\/revisions\/2833"}],"wp:attachment":[{"href":"https:\/\/scrapbretagne.fr\/blog\/index.php?rest_route=%2Fwp%2Fv2%2Fmedia&parent=2781"}],"wp:term":[{"taxonomy":"category","embeddable":true,"href":"https:\/\/scrapbretagne.fr\/blog\/index.php?rest_route=%2Fwp%2Fv2%2Fcategories&post=2781"},{"taxonomy":"post_tag","embeddable":true,"href":"https:\/\/scrapbretagne.fr\/blog\/index.php?rest_route=%2Fwp%2Fv2%2Ftags&post=2781"}],"curies":[{"name":"wp","href":"https:\/\/api.w.org\/{rel}","templated":true}]}}