{"id":2993,"date":"2020-03-21T14:15:26","date_gmt":"2020-03-21T14:15:26","guid":{"rendered":"http:\/\/scrapbretagne.fr\/blog\/?p=2993"},"modified":"2020-09-19T20:21:07","modified_gmt":"2020-09-19T20:21:07","slug":"atelier-du-mardi-24-mars-2020","status":"publish","type":"post","link":"https:\/\/scrapbretagne.fr\/blog\/?p=2993","title":{"rendered":"Atelier du mardi 24 mars 2020"},"content":{"rendered":"\n<p>Bonjour \u00e0 &nbsp;toutes<\/p>\n\n\n\n<p>Cette semaine &nbsp;c&#8217;est Brigitte &nbsp;qui nous propose &nbsp;une page en ligne pour occuper notre soir\u00e9e de mardi prochain.&nbsp;<\/p>\n\n\n\n<p>Une petite page adapt\u00e9e &nbsp;aux circonstances &#8220;Recup&#8221;<\/p>\n\n\n\n<p>A bient\u00f4t&nbsp;<br><\/p>\n\n\n\n<figure class=\"wp-block-image size-large is-resized\"><img loading=\"lazy\" decoding=\"async\" src=\"http:\/\/scrapbretagne.fr\/blog\/wp-content\/uploads\/2020\/03\/FB_IMG_1584795688210.jpg\" alt=\"\" class=\"wp-image-2994\" width=\"650\" height=\"925\" srcset=\"https:\/\/scrapbretagne.fr\/blog\/wp-content\/uploads\/2020\/03\/FB_IMG_1584795688210.jpg 650w, https:\/\/scrapbretagne.fr\/blog\/wp-content\/uploads\/2020\/03\/FB_IMG_1584795688210-211x300.jpg 211w, https:\/\/scrapbretagne.fr\/blog\/wp-content\/uploads\/2020\/03\/FB_IMG_1584795688210-600x854.jpg 600w\" sizes=\"auto, (max-width: 650px) 100vw, 650px\" \/><\/figure>\n","protected":false},"excerpt":{"rendered":"<p>Bonjour \u00e0 &nbsp;toutes Cette semaine &nbsp;c&#8217;est Brigitte &nbsp;qui nous propose &nbsp;une page en ligne pour occuper notre soir\u00e9e de mardi prochain.&nbsp; Une petite page adapt\u00e9e &nbsp;aux circonstances &#8220;Recup&#8221; A bient\u00f4t&nbsp;<\/p>\n","protected":false},"author":4,"featured_media":0,"comment_status":"closed","ping_status":"closed","sticky":false,"template":"","format":"standard","meta":{"footnotes":""},"categories":[47,1],"tags":[49,15],"class_list":["post-2993","post","type-post","status-publish","format-standard","hentry","category-ateliers-confines","category-sans-categorie","tag-atelier-confine","tag-dictee","without-featured-image"],"_links":{"self":[{"href":"https:\/\/scrapbretagne.fr\/blog\/index.php?rest_route=\/wp\/v2\/posts\/2993","targetHints":{"allow":["GET"]}}],"collection":[{"href":"https:\/\/scrapbretagne.fr\/blog\/index.php?rest_route=\/wp\/v2\/posts"}],"about":[{"href":"https:\/\/scrapbretagne.fr\/blog\/index.php?rest_route=\/wp\/v2\/types\/post"}],"author":[{"embeddable":true,"href":"https:\/\/scrapbretagne.fr\/blog\/index.php?rest_route=\/wp\/v2\/users\/4"}],"replies":[{"embeddable":true,"href":"https:\/\/scrapbretagne.fr\/blog\/index.php?rest_route=%2Fwp%2Fv2%2Fcomments&post=2993"}],"version-history":[{"count":3,"href":"https:\/\/scrapbretagne.fr\/blog\/index.php?rest_route=\/wp\/v2\/posts\/2993\/revisions"}],"predecessor-version":[{"id":3134,"href":"https:\/\/scrapbretagne.fr\/blog\/index.php?rest_route=\/wp\/v2\/posts\/2993\/revisions\/3134"}],"wp:attachment":[{"href":"https:\/\/scrapbretagne.fr\/blog\/index.php?rest_route=%2Fwp%2Fv2%2Fmedia&parent=2993"}],"wp:term":[{"taxonomy":"category","embeddable":true,"href":"https:\/\/scrapbretagne.fr\/blog\/index.php?rest_route=%2Fwp%2Fv2%2Fcategories&post=2993"},{"taxonomy":"post_tag","embeddable":true,"href":"https:\/\/scrapbretagne.fr\/blog\/index.php?rest_route=%2Fwp%2Fv2%2Ftags&post=2993"}],"curies":[{"name":"wp","href":"https:\/\/api.w.org\/{rel}","templated":true}]}}