{"id":4825,"date":"2022-04-19T20:31:23","date_gmt":"2022-04-19T19:31:23","guid":{"rendered":"https:\/\/scrapbretagne.fr\/blog\/?p=4825"},"modified":"2022-04-19T20:31:23","modified_gmt":"2022-04-19T19:31:23","slug":"crop-a-tourch-les-14-et-15-mai-2022-avec-florence-lecrivain","status":"publish","type":"post","link":"https:\/\/scrapbretagne.fr\/blog\/?p=4825","title":{"rendered":"CROP \u00e0 Tourc&#8217;h les 14 et 15 Mai 2022 avec Florence L\u00e9crivain"},"content":{"rendered":"\n<p class=\"has-medium-font-size\"> L&#8217;association <strong>Tourc&#8217;h-2-Scrap<\/strong> accueillera <strong>Florence L\u00e9crivain<\/strong> pour une crop les 14 et 15 Mai 2022.<\/p>\n\n\n\n<ul class=\"wp-block-list\"><li>Le samedi, album &#8220;<strong>Memories Together<\/strong>&#8220;<\/li><li>Le dimanche, album &#8220;<strong>Une parenth\u00e8se intemporelle<\/strong>&#8220;<\/li><\/ul>\n\n\n\n<div class=\"wp-block-image\"><figure class=\"aligncenter size-large is-resized\"><a href=\"https:\/\/scrapbretagne.fr\/blog\/wp-content\/uploads\/2022\/04\/272970533_10221620570491979_2223973907520812314_n.jpg\"><img loading=\"lazy\" decoding=\"async\" src=\"https:\/\/scrapbretagne.fr\/blog\/wp-content\/uploads\/2022\/04\/272970533_10221620570491979_2223973907520812314_n-724x1024.jpg\" alt=\"\" class=\"wp-image-4827\" width=\"415\" height=\"586\" srcset=\"https:\/\/scrapbretagne.fr\/blog\/wp-content\/uploads\/2022\/04\/272970533_10221620570491979_2223973907520812314_n-724x1024.jpg 724w, https:\/\/scrapbretagne.fr\/blog\/wp-content\/uploads\/2022\/04\/272970533_10221620570491979_2223973907520812314_n-212x300.jpg 212w, https:\/\/scrapbretagne.fr\/blog\/wp-content\/uploads\/2022\/04\/272970533_10221620570491979_2223973907520812314_n-768x1086.jpg 768w, https:\/\/scrapbretagne.fr\/blog\/wp-content\/uploads\/2022\/04\/272970533_10221620570491979_2223973907520812314_n-1086x1536.jpg 1086w, https:\/\/scrapbretagne.fr\/blog\/wp-content\/uploads\/2022\/04\/272970533_10221620570491979_2223973907520812314_n-1320x1867.jpg 1320w, https:\/\/scrapbretagne.fr\/blog\/wp-content\/uploads\/2022\/04\/272970533_10221620570491979_2223973907520812314_n.jpg 1448w\" sizes=\"auto, (max-width: 415px) 100vw, 415px\" \/><\/a><\/figure><\/div>\n\n\n\n<div style=\"height:45px\" aria-hidden=\"true\" class=\"wp-block-spacer\"><\/div>\n\n\n\n<p class=\"has-text-align-center\" style=\"font-size:25px\">Les projets :<\/p>\n\n\n\n<figure class=\"wp-block-gallery columns-2 is-cropped wp-block-gallery-1 is-layout-flex wp-block-gallery-is-layout-flex\"><ul class=\"blocks-gallery-grid\"><li class=\"blocks-gallery-item\"><figure><a href=\"https:\/\/scrapbretagne.fr\/blog\/wp-content\/uploads\/2022\/04\/Album-MEMORIES-TOGETHER-avec-titre-1024x1024.jpg\"><img loading=\"lazy\" decoding=\"async\" width=\"1024\" height=\"1024\" src=\"https:\/\/scrapbretagne.fr\/blog\/wp-content\/uploads\/2022\/04\/Album-MEMORIES-TOGETHER-avec-titre-1024x1024.jpg\" alt=\"\" data-id=\"4828\" class=\"wp-image-4828\" srcset=\"https:\/\/scrapbretagne.fr\/blog\/wp-content\/uploads\/2022\/04\/Album-MEMORIES-TOGETHER-avec-titre-1024x1024.jpg 1024w, https:\/\/scrapbretagne.fr\/blog\/wp-content\/uploads\/2022\/04\/Album-MEMORIES-TOGETHER-avec-titre-300x300.jpg 300w, https:\/\/scrapbretagne.fr\/blog\/wp-content\/uploads\/2022\/04\/Album-MEMORIES-TOGETHER-avec-titre-150x150.jpg 150w, https:\/\/scrapbretagne.fr\/blog\/wp-content\/uploads\/2022\/04\/Album-MEMORIES-TOGETHER-avec-titre-768x768.jpg 768w, https:\/\/scrapbretagne.fr\/blog\/wp-content\/uploads\/2022\/04\/Album-MEMORIES-TOGETHER-avec-titre-1536x1536.jpg 1536w, https:\/\/scrapbretagne.fr\/blog\/wp-content\/uploads\/2022\/04\/Album-MEMORIES-TOGETHER-avec-titre-180x180.jpg 180w, https:\/\/scrapbretagne.fr\/blog\/wp-content\/uploads\/2022\/04\/Album-MEMORIES-TOGETHER-avec-titre-1320x1320.jpg 1320w, https:\/\/scrapbretagne.fr\/blog\/wp-content\/uploads\/2022\/04\/Album-MEMORIES-TOGETHER-avec-titre.jpg 2000w\" sizes=\"auto, (max-width: 1024px) 100vw, 1024px\" \/><\/a><\/figure><\/li><li class=\"blocks-gallery-item\"><figure><a href=\"https:\/\/scrapbretagne.fr\/blog\/wp-content\/uploads\/2022\/04\/Album-Une-parenthese-Intemporelle.jpg\"><img loading=\"lazy\" decoding=\"async\" width=\"1024\" height=\"1024\" src=\"https:\/\/scrapbretagne.fr\/blog\/wp-content\/uploads\/2022\/04\/Album-Une-parenthese-Intemporelle-1024x1024.jpg\" alt=\"\" data-id=\"4829\" data-full-url=\"https:\/\/scrapbretagne.fr\/blog\/wp-content\/uploads\/2022\/04\/Album-Une-parenthese-Intemporelle.jpg\" data-link=\"https:\/\/scrapbretagne.fr\/blog\/?attachment_id=4829\" class=\"wp-image-4829\" srcset=\"https:\/\/scrapbretagne.fr\/blog\/wp-content\/uploads\/2022\/04\/Album-Une-parenthese-Intemporelle-1024x1024.jpg 1024w, https:\/\/scrapbretagne.fr\/blog\/wp-content\/uploads\/2022\/04\/Album-Une-parenthese-Intemporelle-300x300.jpg 300w, https:\/\/scrapbretagne.fr\/blog\/wp-content\/uploads\/2022\/04\/Album-Une-parenthese-Intemporelle-150x150.jpg 150w, https:\/\/scrapbretagne.fr\/blog\/wp-content\/uploads\/2022\/04\/Album-Une-parenthese-Intemporelle-768x768.jpg 768w, https:\/\/scrapbretagne.fr\/blog\/wp-content\/uploads\/2022\/04\/Album-Une-parenthese-Intemporelle-1536x1536.jpg 1536w, https:\/\/scrapbretagne.fr\/blog\/wp-content\/uploads\/2022\/04\/Album-Une-parenthese-Intemporelle.jpg 2048w, https:\/\/scrapbretagne.fr\/blog\/wp-content\/uploads\/2022\/04\/Album-Une-parenthese-Intemporelle-180x180.jpg 180w, https:\/\/scrapbretagne.fr\/blog\/wp-content\/uploads\/2022\/04\/Album-Une-parenthese-Intemporelle-1320x1320.jpg 1320w\" sizes=\"auto, (max-width: 1024px) 100vw, 1024px\" \/><\/a><\/figure><\/li><\/ul><\/figure>\n\n\n\n<p class=\"has-text-align-center has-medium-font-size\">Si vous \u00eates int\u00e9ress\u00e9es par un des projets ou les deux, n&#8217;h\u00e9sitez pas \u00e0 contacter Florence TRAON <em><strong><span class=\"has-inline-color has-pale-cyan-blue-color\">florence.traon@orange.fr<\/span><\/strong><\/em><\/p>\n","protected":false},"excerpt":{"rendered":"<p>L&#8217;association Tourc&#8217;h-2-Scrap accueillera Florence L\u00e9crivain pour une crop les 14 et 15 Mai 2022. Le samedi, album &#8220;Memories Together&#8220; Le dimanche, album &#8220;Une parenth\u00e8se intemporelle&#8220; Les projets : Si vous \u00eates int\u00e9ress\u00e9es par un des projets ou les deux, n&#8217;h\u00e9sitez pas \u00e0 contacter Florence TRAON florence.traon@orange.fr<\/p>\n","protected":false},"author":3,"featured_media":0,"comment_status":"closed","ping_status":"closed","sticky":false,"template":"","format":"standard","meta":{"footnotes":""},"categories":[1],"tags":[],"class_list":["post-4825","post","type-post","status-publish","format-standard","hentry","category-sans-categorie","without-featured-image"],"_links":{"self":[{"href":"https:\/\/scrapbretagne.fr\/blog\/index.php?rest_route=\/wp\/v2\/posts\/4825","targetHints":{"allow":["GET"]}}],"collection":[{"href":"https:\/\/scrapbretagne.fr\/blog\/index.php?rest_route=\/wp\/v2\/posts"}],"about":[{"href":"https:\/\/scrapbretagne.fr\/blog\/index.php?rest_route=\/wp\/v2\/types\/post"}],"author":[{"embeddable":true,"href":"https:\/\/scrapbretagne.fr\/blog\/index.php?rest_route=\/wp\/v2\/users\/3"}],"replies":[{"embeddable":true,"href":"https:\/\/scrapbretagne.fr\/blog\/index.php?rest_route=%2Fwp%2Fv2%2Fcomments&post=4825"}],"version-history":[{"count":4,"href":"https:\/\/scrapbretagne.fr\/blog\/index.php?rest_route=\/wp\/v2\/posts\/4825\/revisions"}],"predecessor-version":[{"id":4832,"href":"https:\/\/scrapbretagne.fr\/blog\/index.php?rest_route=\/wp\/v2\/posts\/4825\/revisions\/4832"}],"wp:attachment":[{"href":"https:\/\/scrapbretagne.fr\/blog\/index.php?rest_route=%2Fwp%2Fv2%2Fmedia&parent=4825"}],"wp:term":[{"taxonomy":"category","embeddable":true,"href":"https:\/\/scrapbretagne.fr\/blog\/index.php?rest_route=%2Fwp%2Fv2%2Fcategories&post=4825"},{"taxonomy":"post_tag","embeddable":true,"href":"https:\/\/scrapbretagne.fr\/blog\/index.php?rest_route=%2Fwp%2Fv2%2Ftags&post=4825"}],"curies":[{"name":"wp","href":"https:\/\/api.w.org\/{rel}","templated":true}]}}