{"id":6716,"date":"2024-06-02T10:18:38","date_gmt":"2024-06-02T09:18:38","guid":{"rendered":"https:\/\/scrapbretagne.fr\/blog\/?p=6716"},"modified":"2024-06-02T10:20:27","modified_gmt":"2024-06-02T09:20:27","slug":"6716","status":"publish","type":"post","link":"https:\/\/scrapbretagne.fr\/blog\/?p=6716","title":{"rendered":"Atelier de mardi 4 juin 2024"},"content":{"rendered":"\n<p>Pour la semaine prochaine, je vous propose de vous inspirer de cette page d&#8217;Isabelle H\u00e9ront r\u00e9alis\u00e9e pour Brode en Scrap. \u00a0<a href=\"https:\/\/pin.it\/1nK0drPH7\">https:\/\/pin.it\/1nK0drPH7<\/a><\/p>\n\n\n\n<p>J&#8217;ai appr\u00e9ci\u00e9 cette association de couture et d&#8217;aquarelle formant une page tr\u00e8s graphique.<\/p>\n\n\n\n<p>Il faudra pr\u00e9voir :<\/p>\n\n\n\n<p>&#8211; un compas, une r\u00e8gle&nbsp;<\/p>\n\n\n\n<p>&#8211; une aiguille, du fil<\/p>\n\n\n\n<p>&#8211; des aquarelles<\/p>\n\n\n\n<p>&#8211; quelques tampons en lien avec le th\u00e8me<\/p>\n\n\n\n<p>&#8211; 1 photo, format portrait sur laquelle on peut observer une ligne de d\u00e9marcation ( ciel \/ mer par ex )<\/p>\n\n\n\n<p>Voici ma page.\u00a0<\/p>\n\n\n\n<p>Nathalie&nbsp;&nbsp;<\/p>\n\n\n\n<figure class=\"wp-block-image size-large is-resized\"><a href=\"https:\/\/scrapbretagne.fr\/blog\/wp-content\/uploads\/2024\/06\/Concarneau-scaled.jpg\"><img loading=\"lazy\" decoding=\"async\" width=\"768\" height=\"1024\" src=\"https:\/\/scrapbretagne.fr\/blog\/wp-content\/uploads\/2024\/06\/Concarneau-768x1024.jpg\" alt=\"\" class=\"wp-image-6717\" style=\"width:494px;height:auto\" srcset=\"https:\/\/scrapbretagne.fr\/blog\/wp-content\/uploads\/2024\/06\/Concarneau-768x1024.jpg 768w, https:\/\/scrapbretagne.fr\/blog\/wp-content\/uploads\/2024\/06\/Concarneau-225x300.jpg 225w, https:\/\/scrapbretagne.fr\/blog\/wp-content\/uploads\/2024\/06\/Concarneau-1152x1536.jpg 1152w, https:\/\/scrapbretagne.fr\/blog\/wp-content\/uploads\/2024\/06\/Concarneau-1536x2048.jpg 1536w, https:\/\/scrapbretagne.fr\/blog\/wp-content\/uploads\/2024\/06\/Concarneau-1320x1760.jpg 1320w, https:\/\/scrapbretagne.fr\/blog\/wp-content\/uploads\/2024\/06\/Concarneau-scaled.jpg 1920w\" sizes=\"auto, (max-width: 768px) 100vw, 768px\" \/><\/a><\/figure>\n","protected":false},"excerpt":{"rendered":"<p>Pour la semaine prochaine, je vous propose de vous inspirer de cette page d&#8217;Isabelle H\u00e9ront r\u00e9alis\u00e9e pour Brode en Scrap. \u00a0https:\/\/pin.it\/1nK0drPH7 J&#8217;ai appr\u00e9ci\u00e9 cette association de couture et d&#8217;aquarelle formant une page tr\u00e8s graphique. Il faudra pr\u00e9voir : &#8211; un compas, une r\u00e8gle&nbsp; &#8211; une aiguille, du fil &#8211; des aquarelles &#8211; quelques tampons en&hellip; <a href=\"https:\/\/scrapbretagne.fr\/blog\/?p=6716\" class=\"more-link\">Lire la suite <span class=\"screen-reader-text\">Atelier de mardi 4 juin 2024<\/span><\/a><\/p>\n","protected":false},"author":4,"featured_media":0,"comment_status":"closed","ping_status":"closed","sticky":false,"template":"","format":"standard","meta":{"footnotes":""},"categories":[58,131],"tags":[57,173,117],"class_list":["post-6716","post","type-post","status-publish","format-standard","hentry","category-aquarelle","category-pages-2","tag-aquarelle","tag-broderie","tag-nathalie","without-featured-image"],"_links":{"self":[{"href":"https:\/\/scrapbretagne.fr\/blog\/index.php?rest_route=\/wp\/v2\/posts\/6716","targetHints":{"allow":["GET"]}}],"collection":[{"href":"https:\/\/scrapbretagne.fr\/blog\/index.php?rest_route=\/wp\/v2\/posts"}],"about":[{"href":"https:\/\/scrapbretagne.fr\/blog\/index.php?rest_route=\/wp\/v2\/types\/post"}],"author":[{"embeddable":true,"href":"https:\/\/scrapbretagne.fr\/blog\/index.php?rest_route=\/wp\/v2\/users\/4"}],"replies":[{"embeddable":true,"href":"https:\/\/scrapbretagne.fr\/blog\/index.php?rest_route=%2Fwp%2Fv2%2Fcomments&post=6716"}],"version-history":[{"count":4,"href":"https:\/\/scrapbretagne.fr\/blog\/index.php?rest_route=\/wp\/v2\/posts\/6716\/revisions"}],"predecessor-version":[{"id":6721,"href":"https:\/\/scrapbretagne.fr\/blog\/index.php?rest_route=\/wp\/v2\/posts\/6716\/revisions\/6721"}],"wp:attachment":[{"href":"https:\/\/scrapbretagne.fr\/blog\/index.php?rest_route=%2Fwp%2Fv2%2Fmedia&parent=6716"}],"wp:term":[{"taxonomy":"category","embeddable":true,"href":"https:\/\/scrapbretagne.fr\/blog\/index.php?rest_route=%2Fwp%2Fv2%2Fcategories&post=6716"},{"taxonomy":"post_tag","embeddable":true,"href":"https:\/\/scrapbretagne.fr\/blog\/index.php?rest_route=%2Fwp%2Fv2%2Ftags&post=6716"}],"curies":[{"name":"wp","href":"https:\/\/api.w.org\/{rel}","templated":true}]}}