{"id":7333,"date":"2025-12-13T12:09:32","date_gmt":"2025-12-13T11:09:32","guid":{"rendered":"https:\/\/scrapbretagne.fr\/blog\/?p=7333"},"modified":"2025-12-13T13:02:00","modified_gmt":"2025-12-13T12:02:00","slug":"atelier-du-16-decembre-2025","status":"publish","type":"post","link":"https:\/\/scrapbretagne.fr\/blog\/?p=7333","title":{"rendered":"Atelier du 16 d\u00e9cembre 2025"},"content":{"rendered":"<div class=\"wp-block-image\">\n<figure class=\"aligncenter size-large is-resized\"><a href=\"https:\/\/scrapbretagne.fr\/blog\/wp-content\/uploads\/2025\/12\/fete-noel.jpg\"><img loading=\"lazy\" decoding=\"async\" width=\"1024\" height=\"682\" src=\"https:\/\/scrapbretagne.fr\/blog\/wp-content\/uploads\/2025\/12\/fete-noel-1024x682.jpg\" alt=\"\" class=\"wp-image-7335\" style=\"aspect-ratio:1.501508211373031;width:445px;height:auto\" srcset=\"https:\/\/scrapbretagne.fr\/blog\/wp-content\/uploads\/2025\/12\/fete-noel-1024x682.jpg 1024w, https:\/\/scrapbretagne.fr\/blog\/wp-content\/uploads\/2025\/12\/fete-noel-300x200.jpg 300w, https:\/\/scrapbretagne.fr\/blog\/wp-content\/uploads\/2025\/12\/fete-noel-768x511.jpg 768w, https:\/\/scrapbretagne.fr\/blog\/wp-content\/uploads\/2025\/12\/fete-noel.jpg 1200w\" sizes=\"auto, (max-width: 1024px) 100vw, 1024px\" \/><\/a><\/figure>\n<\/div>\n\n\n<div style=\"height:33px\" aria-hidden=\"true\" class=\"wp-block-spacer\"><\/div>\n\n\n\n<p>Pr\u00eate pour la derni\u00e8re s\u00e9ance avant les f\u00eates, derni\u00e8re s\u00e9ance de l&#8217;ann\u00e9e ?<\/p>\n\n\n\n<p>Mardi, nous continuerons nos mini ateliers de No\u00ebl\/Jour de l&#8217;an en partageant nos id\u00e9es de minis \u00e0 offrir, pochettes \u00e9trennes, bo\u00eetes de chocolats, cartes de v\u0153ux&#8230; <\/p>\n\n\n\n<p>Et en attendant, l&#8217;ouverture de notre 3\u00e8me case de l&#8217;Avent dimanche&#8230;<\/p>\n\n\n\n<p>A mardi les filles !!<\/p>\n","protected":false},"excerpt":{"rendered":"<p>Pr\u00eate pour la derni\u00e8re s\u00e9ance avant les f\u00eates, derni\u00e8re s\u00e9ance de l&#8217;ann\u00e9e ? Mardi, nous continuerons nos mini ateliers de No\u00ebl\/Jour de l&#8217;an en partageant nos id\u00e9es de minis \u00e0 offrir, pochettes \u00e9trennes, bo\u00eetes de chocolats, cartes de v\u0153ux&#8230; Et en attendant, l&#8217;ouverture de notre 3\u00e8me case de l&#8217;Avent dimanche&#8230; A mardi les filles !!<\/p>\n","protected":false},"author":3,"featured_media":0,"comment_status":"closed","ping_status":"closed","sticky":false,"template":"","format":"standard","meta":{"footnotes":""},"categories":[5,53],"tags":[],"class_list":["post-7333","post","type-post","status-publish","format-standard","hentry","category-ateliers","category-noel","without-featured-image"],"_links":{"self":[{"href":"https:\/\/scrapbretagne.fr\/blog\/index.php?rest_route=\/wp\/v2\/posts\/7333","targetHints":{"allow":["GET"]}}],"collection":[{"href":"https:\/\/scrapbretagne.fr\/blog\/index.php?rest_route=\/wp\/v2\/posts"}],"about":[{"href":"https:\/\/scrapbretagne.fr\/blog\/index.php?rest_route=\/wp\/v2\/types\/post"}],"author":[{"embeddable":true,"href":"https:\/\/scrapbretagne.fr\/blog\/index.php?rest_route=\/wp\/v2\/users\/3"}],"replies":[{"embeddable":true,"href":"https:\/\/scrapbretagne.fr\/blog\/index.php?rest_route=%2Fwp%2Fv2%2Fcomments&post=7333"}],"version-history":[{"count":4,"href":"https:\/\/scrapbretagne.fr\/blog\/index.php?rest_route=\/wp\/v2\/posts\/7333\/revisions"}],"predecessor-version":[{"id":7339,"href":"https:\/\/scrapbretagne.fr\/blog\/index.php?rest_route=\/wp\/v2\/posts\/7333\/revisions\/7339"}],"wp:attachment":[{"href":"https:\/\/scrapbretagne.fr\/blog\/index.php?rest_route=%2Fwp%2Fv2%2Fmedia&parent=7333"}],"wp:term":[{"taxonomy":"category","embeddable":true,"href":"https:\/\/scrapbretagne.fr\/blog\/index.php?rest_route=%2Fwp%2Fv2%2Fcategories&post=7333"},{"taxonomy":"post_tag","embeddable":true,"href":"https:\/\/scrapbretagne.fr\/blog\/index.php?rest_route=%2Fwp%2Fv2%2Ftags&post=7333"}],"curies":[{"name":"wp","href":"https:\/\/api.w.org\/{rel}","templated":true}]}}