{"id":959,"date":"2015-05-26T13:39:59","date_gmt":"2015-05-26T13:39:59","guid":{"rendered":"http:\/\/scrapbretagne.fr\/blog\/?p=959"},"modified":"2015-10-01T20:32:02","modified_gmt":"2015-10-01T20:32:02","slug":"mardi-26-mai-2015","status":"publish","type":"post","link":"https:\/\/scrapbretagne.fr\/blog\/?p=959","title":{"rendered":"Mardi 26 mai 2015"},"content":{"rendered":"<p>Coucou les filles<\/p>\n<p>Nous accueillerons Claude-Pascal MEIGNEN de &#8221; <a href=\"http:\/\/www.photokerisit.com\">PHOTO K\u00e9risit<\/a>&#8221; pour parler photo \u00e0 partir de 20H00 pour notre <span style=\"text-decoration: underline;\">4\u00e8me s\u00e9ance.<\/span><br \/>\nPr\u00e9voir pour cela :<\/p>\n<ul>\n<li>votre appareil photo,<\/li>\n<li>quelques nouvelles photos pour une s\u00e9ance d&#8217;analyse,<\/li>\n<li>quelques gourmandises pour notre invit\u00e9.<\/li>\n<\/ul>\n<p>A tr\u00e8s bient\u00f4t<br \/>\nsolange<\/p>\n","protected":false},"excerpt":{"rendered":"<p>Coucou les filles Nous accueillerons Claude-Pascal MEIGNEN de &#8221; PHOTO K\u00e9risit&#8221; pour parler photo \u00e0 partir de 20H00 pour notre 4\u00e8me s\u00e9ance. Pr\u00e9voir pour cela : votre appareil photo, quelques nouvelles photos pour une s\u00e9ance d&#8217;analyse, quelques gourmandises pour notre invit\u00e9. A tr\u00e8s bient\u00f4t solange<\/p>\n","protected":false},"author":4,"featured_media":0,"comment_status":"closed","ping_status":"closed","sticky":false,"template":"","format":"standard","meta":{"footnotes":""},"categories":[5],"tags":[],"class_list":["post-959","post","type-post","status-publish","format-standard","hentry","category-ateliers","without-featured-image"],"_links":{"self":[{"href":"https:\/\/scrapbretagne.fr\/blog\/index.php?rest_route=\/wp\/v2\/posts\/959","targetHints":{"allow":["GET"]}}],"collection":[{"href":"https:\/\/scrapbretagne.fr\/blog\/index.php?rest_route=\/wp\/v2\/posts"}],"about":[{"href":"https:\/\/scrapbretagne.fr\/blog\/index.php?rest_route=\/wp\/v2\/types\/post"}],"author":[{"embeddable":true,"href":"https:\/\/scrapbretagne.fr\/blog\/index.php?rest_route=\/wp\/v2\/users\/4"}],"replies":[{"embeddable":true,"href":"https:\/\/scrapbretagne.fr\/blog\/index.php?rest_route=%2Fwp%2Fv2%2Fcomments&post=959"}],"version-history":[{"count":2,"href":"https:\/\/scrapbretagne.fr\/blog\/index.php?rest_route=\/wp\/v2\/posts\/959\/revisions"}],"predecessor-version":[{"id":961,"href":"https:\/\/scrapbretagne.fr\/blog\/index.php?rest_route=\/wp\/v2\/posts\/959\/revisions\/961"}],"wp:attachment":[{"href":"https:\/\/scrapbretagne.fr\/blog\/index.php?rest_route=%2Fwp%2Fv2%2Fmedia&parent=959"}],"wp:term":[{"taxonomy":"category","embeddable":true,"href":"https:\/\/scrapbretagne.fr\/blog\/index.php?rest_route=%2Fwp%2Fv2%2Fcategories&post=959"},{"taxonomy":"post_tag","embeddable":true,"href":"https:\/\/scrapbretagne.fr\/blog\/index.php?rest_route=%2Fwp%2Fv2%2Ftags&post=959"}],"curies":[{"name":"wp","href":"https:\/\/api.w.org\/{rel}","templated":true}]}}