{"id":975,"date":"2015-06-09T20:19:00","date_gmt":"2015-06-09T20:19:00","guid":{"rendered":"http:\/\/scrapbretagne.fr\/blog\/?p=975"},"modified":"2015-10-01T20:31:21","modified_gmt":"2015-10-01T20:31:21","slug":"mardi-9-juin-2015","status":"publish","type":"post","link":"https:\/\/scrapbretagne.fr\/blog\/?p=975","title":{"rendered":"Mardi 9 juin 2015"},"content":{"rendered":"<p>Coucou les filles<\/p>\n<p>Nous accueillerons Claude-Pascal MEIGNEN de &#8220;<a href=\"http:\/\/www.photokerisit.com\">PHOTO K\u00e9risit<\/a>&#8221; pour parler photo \u00e0 partir de 20H00 pour notre <span style=\"text-decoration: underline;\">5\u00e8me et derni\u00e8re s\u00e9ance.<\/span><\/p>\n<p>Th\u00e8me de notre soir\u00e9e : &#8220;Rattrapage prise de vue, en ext\u00e9rieur.&#8221;<\/p>\n<p>Pr\u00e9voir votre appareil photo et quelques gourmandises pour notre invit\u00e9.<\/p>\n<p>Avant cette petite s\u00e9ance photo, H\u00e9l\u00e8ne Demay et moi-m\u00eame,\u00a0vous pr\u00e9senterons les minis albums en &#8220;Gelli plate&#8221;. Ces ateliers nous occuperons jusqu&#8217;\u00e0 fin juin.<\/p>\n<p>Patouille en perspective&#8230;<br \/>\nBonne soir\u00e9e<\/p>\n<p>Solange<\/p>\n<p>&nbsp;<\/p>\n","protected":false},"excerpt":{"rendered":"<p>Coucou les filles Nous accueillerons Claude-Pascal MEIGNEN de &#8220;PHOTO K\u00e9risit&#8221; pour parler photo \u00e0 partir de 20H00 pour notre 5\u00e8me et derni\u00e8re s\u00e9ance. Th\u00e8me de notre soir\u00e9e : &#8220;Rattrapage prise de vue, en ext\u00e9rieur.&#8221; Pr\u00e9voir votre appareil photo et quelques gourmandises pour notre invit\u00e9. Avant cette petite s\u00e9ance photo, H\u00e9l\u00e8ne Demay et moi-m\u00eame,\u00a0vous pr\u00e9senterons les&hellip; <a href=\"https:\/\/scrapbretagne.fr\/blog\/?p=975\" class=\"more-link\">Lire la suite <span class=\"screen-reader-text\">Mardi 9 juin 2015<\/span><\/a><\/p>\n","protected":false},"author":4,"featured_media":0,"comment_status":"closed","ping_status":"closed","sticky":false,"template":"","format":"standard","meta":{"footnotes":""},"categories":[5],"tags":[],"class_list":["post-975","post","type-post","status-publish","format-standard","hentry","category-ateliers","without-featured-image"],"_links":{"self":[{"href":"https:\/\/scrapbretagne.fr\/blog\/index.php?rest_route=\/wp\/v2\/posts\/975","targetHints":{"allow":["GET"]}}],"collection":[{"href":"https:\/\/scrapbretagne.fr\/blog\/index.php?rest_route=\/wp\/v2\/posts"}],"about":[{"href":"https:\/\/scrapbretagne.fr\/blog\/index.php?rest_route=\/wp\/v2\/types\/post"}],"author":[{"embeddable":true,"href":"https:\/\/scrapbretagne.fr\/blog\/index.php?rest_route=\/wp\/v2\/users\/4"}],"replies":[{"embeddable":true,"href":"https:\/\/scrapbretagne.fr\/blog\/index.php?rest_route=%2Fwp%2Fv2%2Fcomments&post=975"}],"version-history":[{"count":5,"href":"https:\/\/scrapbretagne.fr\/blog\/index.php?rest_route=\/wp\/v2\/posts\/975\/revisions"}],"predecessor-version":[{"id":980,"href":"https:\/\/scrapbretagne.fr\/blog\/index.php?rest_route=\/wp\/v2\/posts\/975\/revisions\/980"}],"wp:attachment":[{"href":"https:\/\/scrapbretagne.fr\/blog\/index.php?rest_route=%2Fwp%2Fv2%2Fmedia&parent=975"}],"wp:term":[{"taxonomy":"category","embeddable":true,"href":"https:\/\/scrapbretagne.fr\/blog\/index.php?rest_route=%2Fwp%2Fv2%2Fcategories&post=975"},{"taxonomy":"post_tag","embeddable":true,"href":"https:\/\/scrapbretagne.fr\/blog\/index.php?rest_route=%2Fwp%2Fv2%2Ftags&post=975"}],"curies":[{"name":"wp","href":"https:\/\/api.w.org\/{rel}","templated":true}]}}